{"id":2585,"date":"2025-06-09T12:51:24","date_gmt":"2025-06-09T18:51:24","guid":{"rendered":"https:\/\/teziutlan.tecnm.mx\/?p=2585"},"modified":"2025-06-09T15:54:37","modified_gmt":"2025-06-09T21:54:37","slug":"el-tec-de-teziutlan-se-corona-campeon-del-prenacional-de-baloncesto-2025cerro-azul-veracruz","status":"publish","type":"post","link":"https:\/\/teziutlan.tecnm.mx\/index.php\/2025\/06\/09\/el-tec-de-teziutlan-se-corona-campeon-del-prenacional-de-baloncesto-2025cerro-azul-veracruz\/","title":{"rendered":"El Tec de Teziutl\u00e1n se corona bicampe\u00f3n del Prenacional de Baloncesto 2025Cerro Azul, Veracruz"},"content":{"rendered":"\n<p>TecNM Teziutl\u00e1n es campe\u00f3n del Prenacional de Baloncesto 2025<\/p>\n\n\n\n<p>Representar\u00e1 a la Regi\u00f3n XII en el Evento Nacional Deportivo del Tecnol\u00f3gico Nacional de M\u00e9xico. CERRO AZUL, Veracruz.<\/p>\n\n\n\n<p> Como resultado del esfuerzo y dedicaci\u00f3n, el equipo varonil de baloncesto del Instituto Tecnol\u00f3gico Superior de Teziutl\u00e1n (TecNM Teziutl\u00e1n) obtuvo el primer lugar en el LXVII Evento Prenacional Deportivo que organiza el Tecnol\u00f3gico Nacional de M\u00e9xico (TecNM), Regi\u00f3n XII, tras imponerse con marcador de 73 a 37 ante el equipo anfitri\u00f3n.<\/p>\n\n\n\n<p>La competencia se llev\u00f3 a cabo del 5 al 9 de junio en el municipio de Cerro Azul, Veracruz, con la participaci\u00f3n de planteles pertenecientes a la Regi\u00f3n XII del TecNM. A lo largo del torneo, el representativo poblano super\u00f3 a los institutos tecnol\u00f3gicos de Veracruz, Misantla y Poza Rica, manteni\u00e9ndose invicto hasta la final.<\/p>\n\n\n\n<p>Con este resultado, el plantel teziuteco suma su segundo t\u00edtulo consecutivo en esta justa regional y ser\u00e1 el encargado de representar a la Regi\u00f3n XII en el pr\u00f3ximo Evento Nacional Deportivo del TecNM, que re\u00fane a las y los mejores estudiantes deportistas del pa\u00eds.<\/p>\n\n\n\n<p>En este sentido, el Gobierno del Estado de Puebla, encabezado por Alejandro Armenta, ha reconocido el esfuerzo y la dedicaci\u00f3n de las juventudes poblanas que destacan en diversas disciplinas deportivas. Asimismo, ha subrayado la importancia de fomentar el deporte como parte fundamental de una educaci\u00f3n integral, que fortalece valores como la identidad, el trabajo en equipo y la disciplina. <\/p>\n\n\n\n<p>Por su parte, la directora del TecNM Teziutl\u00e1n, Arantxa Rold\u00e1n Arellano, felicit\u00f3 al equipo por el logro obtenido y destac\u00f3 que esta victoria es resultado de la constancia, el compromiso y la dedicaci\u00f3n de cada uno de sus integrantes.<\/p>\n\n\n\n<figure class=\"wp-block-image size-large\"><img loading=\"lazy\" decoding=\"async\" width=\"1024\" height=\"769\" src=\"https:\/\/teziutlan.tecnm.mx\/wp-content\/uploads\/2025\/06\/1000072296-1024x769.jpg\" alt=\"\" class=\"wp-image-2593\" srcset=\"https:\/\/teziutlan.tecnm.mx\/wp-content\/uploads\/2025\/06\/1000072296-1024x769.jpg 1024w, https:\/\/teziutlan.tecnm.mx\/wp-content\/uploads\/2025\/06\/1000072296-980x736.jpg 980w, https:\/\/teziutlan.tecnm.mx\/wp-content\/uploads\/2025\/06\/1000072296-480x360.jpg 480w\" sizes=\"(min-width: 0px) and (max-width: 480px) 480px, (min-width: 481px) and (max-width: 980px) 980px, (min-width: 981px) 1024px, 100vw\" \/><\/figure>\n\n\n\n<figure class=\"wp-block-image size-large\"><img loading=\"lazy\" decoding=\"async\" width=\"1024\" height=\"769\" src=\"https:\/\/teziutlan.tecnm.mx\/wp-content\/uploads\/2025\/06\/1000072299-1024x769.jpg\" alt=\"\" class=\"wp-image-2591\" srcset=\"https:\/\/teziutlan.tecnm.mx\/wp-content\/uploads\/2025\/06\/1000072299-1024x769.jpg 1024w, https:\/\/teziutlan.tecnm.mx\/wp-content\/uploads\/2025\/06\/1000072299-980x736.jpg 980w, https:\/\/teziutlan.tecnm.mx\/wp-content\/uploads\/2025\/06\/1000072299-480x360.jpg 480w\" sizes=\"(min-width: 0px) and (max-width: 480px) 480px, (min-width: 481px) and (max-width: 980px) 980px, (min-width: 981px) 1024px, 100vw\" \/><\/figure>\n","protected":false},"excerpt":{"rendered":"<p>TecNM Teziutl\u00e1n es campe\u00f3n del Prenacional de Baloncesto 2025 Representar\u00e1 a la Regi\u00f3n XII en el Evento Nacional Deportivo del Tecnol\u00f3gico Nacional de M\u00e9xico. CERRO AZUL, Veracruz. Como resultado del esfuerzo y dedicaci\u00f3n, el equipo varonil de baloncesto del Instituto Tecnol\u00f3gico Superior de Teziutl\u00e1n (TecNM Teziutl\u00e1n) obtuvo el primer lugar en el LXVII Evento Prenacional [&hellip;]<\/p>\n","protected":false},"author":1,"featured_media":2596,"comment_status":"closed","ping_status":"closed","sticky":false,"template":"","format":"standard","meta":{"_et_pb_use_builder":"off","_et_pb_old_content":"","_et_gb_content_width":"","footnotes":""},"categories":[1],"tags":[],"class_list":["post-2585","post","type-post","status-publish","format-standard","has-post-thumbnail","hentry","category-sin-categoria"],"_links":{"self":[{"href":"https:\/\/teziutlan.tecnm.mx\/index.php\/wp-json\/wp\/v2\/posts\/2585","targetHints":{"allow":["GET"]}}],"collection":[{"href":"https:\/\/teziutlan.tecnm.mx\/index.php\/wp-json\/wp\/v2\/posts"}],"about":[{"href":"https:\/\/teziutlan.tecnm.mx\/index.php\/wp-json\/wp\/v2\/types\/post"}],"author":[{"embeddable":true,"href":"https:\/\/teziutlan.tecnm.mx\/index.php\/wp-json\/wp\/v2\/users\/1"}],"replies":[{"embeddable":true,"href":"https:\/\/teziutlan.tecnm.mx\/index.php\/wp-json\/wp\/v2\/comments?post=2585"}],"version-history":[{"count":5,"href":"https:\/\/teziutlan.tecnm.mx\/index.php\/wp-json\/wp\/v2\/posts\/2585\/revisions"}],"predecessor-version":[{"id":2598,"href":"https:\/\/teziutlan.tecnm.mx\/index.php\/wp-json\/wp\/v2\/posts\/2585\/revisions\/2598"}],"wp:featuredmedia":[{"embeddable":true,"href":"https:\/\/teziutlan.tecnm.mx\/index.php\/wp-json\/wp\/v2\/media\/2596"}],"wp:attachment":[{"href":"https:\/\/teziutlan.tecnm.mx\/index.php\/wp-json\/wp\/v2\/media?parent=2585"}],"wp:term":[{"taxonomy":"category","embeddable":true,"href":"https:\/\/teziutlan.tecnm.mx\/index.php\/wp-json\/wp\/v2\/categories?post=2585"},{"taxonomy":"post_tag","embeddable":true,"href":"https:\/\/teziutlan.tecnm.mx\/index.php\/wp-json\/wp\/v2\/tags?post=2585"}],"curies":[{"name":"wp","href":"https:\/\/api.w.org\/{rel}","templated":true}]}}