{"id":3673,"date":"2025-12-10T14:57:05","date_gmt":"2025-12-10T20:57:05","guid":{"rendered":"https:\/\/teziutlan.tecnm.mx\/?p=3673"},"modified":"2026-03-19T15:42:37","modified_gmt":"2026-03-19T21:42:37","slug":"instala-sistema-de-generacion-solar-el-tecnm-teziutlan-a-traves-de-convenio-estatal","status":"publish","type":"post","link":"https:\/\/teziutlan.tecnm.mx\/index.php\/2025\/12\/10\/instala-sistema-de-generacion-solar-el-tecnm-teziutlan-a-traves-de-convenio-estatal\/","title":{"rendered":"Instala sistema de generaci\u00f3n solar el TecNM Teziutl\u00e1n a trav\u00e9s de convenio estatal"},"content":{"rendered":"\n<p>La instituci\u00f3n aportar\u00e1 m\u00e1s de 107 kW de energ\u00eda limpia y reducir\u00e1 cerca de 100 toneladas de CO\u2082 al a\u00f1o.<\/p>\n\n\n\n<p>TEZIUTL\u00c1N, Pue.- El Instituto Tecnol\u00f3gico Superior de Teziutl\u00e1n (TecNM Teziutl\u00e1n) firm\u00f3 un convenio de colaboraci\u00f3n para implementar el proyecto denominado \u201cGeneraci\u00f3n Solar en Edificios P\u00fablicos\u201d, impulsado por el gobierno estatal, encabezado por el gobernador Alejandro Armenta, con el acompa\u00f1amiento de la Agencia de Energ\u00eda del Estado de Puebla.<\/p>\n\n\n\n<p>Dicho convenio fue formalizado por el director de la Agencia de Energ\u00eda del Estado de Puebla, H\u00e9ctor Rodolfo Camacho Hern\u00e1ndez y la encargada de Despacho de la Direcci\u00f3n General de la instituci\u00f3n, Arantxa Rold\u00e1n Arellano, quien resalt\u00f3 que esta iniciativa constituye un hito para el plantel, ya que refleja su compromiso con la innovaci\u00f3n, la sustentabilidad y el desarrollo tecnol\u00f3gico con sentido social. Se\u00f1al\u00f3 tambi\u00e9n que este avance permitir\u00e1 ofrecer a la comunidad estudiantil un entorno m\u00e1s eficiente, acorde con los desaf\u00edos energ\u00e9ticos actuales.<\/p>\n\n\n\n<p>Con este proyecto, se contempla la instalaci\u00f3n de 170 m\u00f3dulos fotovoltaicos de 630 watts, con los cuales el Instituto incorporar\u00e1 energ\u00eda renovable a sus operaciones y reducir\u00e1 de manera significativa su impacto ambiental. De acuerdo con la Agencia de Energ\u00eda, este sistema permitir\u00e1 disminuir aproximadamente 98.82 toneladas de CO\u2082 al a\u00f1o, y reforzar\u00e1 las estrategias estatales de mitigaci\u00f3n del cambio clim\u00e1tico.<\/p>\n\n\n\n<p>Con la puesta en marcha de este proyecto, el TecNM Teziutl\u00e1n aportar\u00e1 107.1 kW de capacidad solar instalada al estado para 2026, en sinton\u00eda con la visi\u00f3n nacional de transici\u00f3n energ\u00e9tica impulsada por la presidenta de M\u00e9xico, Claudia Sheinbaum.<\/p>\n\n\n\n<p>El Gobierno del Estado de Puebla reitera que acciones como esta forman parte de una pol\u00edtica p\u00fablica humanista orientada al bienestar social, al uso responsable de los recursos y a la construcci\u00f3n de un futuro sostenible para las nuevas generaciones.<\/p>\n\n\n\n<figure class=\"wp-block-image size-large\"><img loading=\"lazy\" decoding=\"async\" width=\"1024\" height=\"683\" src=\"https:\/\/teziutlan.tecnm.mx\/wp-content\/uploads\/2025\/12\/IMG_2140-1024x683.jpg\" alt=\"\" class=\"wp-image-3675\" srcset=\"https:\/\/teziutlan.tecnm.mx\/wp-content\/uploads\/2025\/12\/IMG_2140-980x653.jpg 980w, https:\/\/teziutlan.tecnm.mx\/wp-content\/uploads\/2025\/12\/IMG_2140-480x320.jpg 480w\" sizes=\"(min-width: 0px) and (max-width: 480px) 480px, (min-width: 481px) and (max-width: 980px) 980px, (min-width: 981px) 1024px, 100vw\" \/><\/figure>\n","protected":false},"excerpt":{"rendered":"<p>La instituci\u00f3n aportar\u00e1 m\u00e1s de 107 kW de energ\u00eda limpia y reducir\u00e1 cerca de 100 toneladas de CO\u2082 al a\u00f1o. TEZIUTL\u00c1N, Pue.- El Instituto Tecnol\u00f3gico Superior de Teziutl\u00e1n (TecNM Teziutl\u00e1n) firm\u00f3 un convenio de colaboraci\u00f3n para implementar el proyecto denominado \u201cGeneraci\u00f3n Solar en Edificios P\u00fablicos\u201d, impulsado por el gobierno estatal, encabezado por el gobernador Alejandro [&hellip;]<\/p>\n","protected":false},"author":1,"featured_media":3674,"comment_status":"closed","ping_status":"closed","sticky":false,"template":"","format":"standard","meta":{"_et_pb_use_builder":"off","_et_pb_old_content":"","_et_gb_content_width":"1080","footnotes":""},"categories":[1],"tags":[],"class_list":["post-3673","post","type-post","status-publish","format-standard","has-post-thumbnail","hentry","category-sin-categoria"],"_links":{"self":[{"href":"https:\/\/teziutlan.tecnm.mx\/index.php\/wp-json\/wp\/v2\/posts\/3673","targetHints":{"allow":["GET"]}}],"collection":[{"href":"https:\/\/teziutlan.tecnm.mx\/index.php\/wp-json\/wp\/v2\/posts"}],"about":[{"href":"https:\/\/teziutlan.tecnm.mx\/index.php\/wp-json\/wp\/v2\/types\/post"}],"author":[{"embeddable":true,"href":"https:\/\/teziutlan.tecnm.mx\/index.php\/wp-json\/wp\/v2\/users\/1"}],"replies":[{"embeddable":true,"href":"https:\/\/teziutlan.tecnm.mx\/index.php\/wp-json\/wp\/v2\/comments?post=3673"}],"version-history":[{"count":1,"href":"https:\/\/teziutlan.tecnm.mx\/index.php\/wp-json\/wp\/v2\/posts\/3673\/revisions"}],"predecessor-version":[{"id":3676,"href":"https:\/\/teziutlan.tecnm.mx\/index.php\/wp-json\/wp\/v2\/posts\/3673\/revisions\/3676"}],"wp:featuredmedia":[{"embeddable":true,"href":"https:\/\/teziutlan.tecnm.mx\/index.php\/wp-json\/wp\/v2\/media\/3674"}],"wp:attachment":[{"href":"https:\/\/teziutlan.tecnm.mx\/index.php\/wp-json\/wp\/v2\/media?parent=3673"}],"wp:term":[{"taxonomy":"category","embeddable":true,"href":"https:\/\/teziutlan.tecnm.mx\/index.php\/wp-json\/wp\/v2\/categories?post=3673"},{"taxonomy":"post_tag","embeddable":true,"href":"https:\/\/teziutlan.tecnm.mx\/index.php\/wp-json\/wp\/v2\/tags?post=3673"}],"curies":[{"name":"wp","href":"https:\/\/api.w.org\/{rel}","templated":true}]}}